{"id":270,"date":"2021-06-02T16:58:51","date_gmt":"2021-06-02T14:58:51","guid":{"rendered":"https:\/\/www.maslerougetcantal.fr\/page\/?p=270"},"modified":"2021-06-29T11:42:46","modified_gmt":"2021-06-29T09:42:46","slug":"festival-eclat-festival-du-theatre-de-rue-daurillac-20-aout","status":"publish","type":"post","link":"https:\/\/www.maslerougetcantal.fr\/page\/fr\/festival-eclat-festival-du-theatre-de-rue-daurillac-20-aout\/","title":{"rendered":"Festival Eclat \/ Festival du Th\u00e9\u00e2tre de Rue d\u2019Aurillac"},"content":{"rendered":"\n<p>Le Festival Eclat, Festival du Th\u00e9\u00e2tre de Rue d\u2019Aurillac, est le plus gros \u00e9v\u00e8nement de la ville. Il anime ses rues chaque mois d\u2019Ao\u00fbt.<\/p>\n\n\n\n<p>Le grand rendez-vous aurillacois de l\u2019ann\u00e9e, o\u00f9 se croisent plus de 100 000 visiteurs en 4 jours, pendant lequel la maison fait une fois de plus d\u00e9couvrir ses produits les plus embl\u00e9matiques : le jambon sec, la saucisse de porc, ainsi que la truffade et l\u2019aligot, produits maison tellement typiques! Retrouvez Mas \u00e0 sa boutique du 33 rue des Carmes pour un Aligot Saucisse, et sur son stand du Gravier pour se r\u00e9galer d\u2019une Truffade Saucisse!<\/p>\n","protected":false},"excerpt":{"rendered":"<p>Le Festival Eclat, Festival du Th\u00e9\u00e2tre de Rue d\u2019Aurillac, est le plus gros \u00e9v\u00e8nement de la ville. Il anime ses rues chaque mois d\u2019Ao\u00fbt. Le grand rendez-vous aurillacois de l\u2019ann\u00e9e, o\u00f9 se croisent plus de 100 000 visiteurs en 4 jours, pendant lequel la maison fait une fois de plus d\u00e9couvrir ses produits les plus&hellip; <a class=\"more-link\" href=\"https:\/\/www.maslerougetcantal.fr\/page\/fr\/festival-eclat-festival-du-theatre-de-rue-daurillac-20-aout\/\">Poursuivre la lecture de <span class=\"screen-reader-text\">Festival Eclat \/ Festival du Th\u00e9\u00e2tre de Rue d\u2019Aurillac<\/span><\/a><\/p>\n","protected":false},"author":3,"featured_media":348,"comment_status":"closed","ping_status":"closed","sticky":false,"template":"","format":"standard","meta":{"footnotes":""},"categories":[7],"tags":[],"yoast_head":"<!-- This site is optimized with the Yoast SEO plugin v16.1.1 - https:\/\/yoast.com\/wordpress\/plugins\/seo\/ -->\n<title>Festival Eclat \/ Festival du Th\u00e9\u00e2tre de Rue d\u2019Aurillac - Mas Le Rouget Cantal<\/title>\n<link rel=\"canonical\" href=\"https:\/\/www.maslerougetcantal.fr\/page\/fr\/festival-eclat-festival-du-theatre-de-rue-daurillac-20-aout\/\" \/>\n<meta property=\"og:locale\" content=\"fr_FR\" \/>\n<meta property=\"og:type\" content=\"article\" \/>\n<meta property=\"og:title\" content=\"Festival Eclat \/ Festival du Th\u00e9\u00e2tre de Rue d\u2019Aurillac - Mas Le Rouget Cantal\" \/>\n<meta property=\"og:description\" content=\"Le Festival Eclat, Festival du Th\u00e9\u00e2tre de Rue d\u2019Aurillac, est le plus gros \u00e9v\u00e8nement de la ville. Il anime ses rues chaque mois d\u2019Ao\u00fbt. Le grand rendez-vous aurillacois de l\u2019ann\u00e9e, o\u00f9 se croisent plus de 100 000 visiteurs en 4 jours, pendant lequel la maison fait une fois de plus d\u00e9couvrir ses produits les plus&hellip; Poursuivre la lecture de Festival Eclat \/ Festival du Th\u00e9\u00e2tre de Rue d\u2019Aurillac\" \/>\n<meta property=\"og:url\" content=\"https:\/\/www.maslerougetcantal.fr\/page\/fr\/festival-eclat-festival-du-theatre-de-rue-daurillac-20-aout\/\" \/>\n<meta property=\"og:site_name\" content=\"Mas Le Rouget Cantal\" \/>\n<meta property=\"article:published_time\" content=\"2021-06-02T14:58:51+00:00\" \/>\n<meta property=\"article:modified_time\" content=\"2021-06-29T09:42:46+00:00\" \/>\n<meta property=\"og:image\" content=\"https:\/\/www.maslerougetcantal.fr\/page\/wp-content\/uploads\/2021\/06\/logo_eclat_4tiers.jpg\" \/>\n\t<meta property=\"og:image:width\" content=\"600\" \/>\n\t<meta property=\"og:image:height\" content=\"451\" \/>\n<meta name=\"twitter:card\" content=\"summary_large_image\" \/>\n<meta name=\"twitter:label1\" content=\"Dur\u00e9e de lecture est.\">\n\t<meta name=\"twitter:data1\" content=\"1 minute\">\n<script type=\"application\/ld+json\" class=\"yoast-schema-graph\">{\"@context\":\"https:\/\/schema.org\",\"@graph\":[{\"@type\":\"WebSite\",\"@id\":\"https:\/\/www.maslerougetcantal.fr\/page\/#website\",\"url\":\"https:\/\/www.maslerougetcantal.fr\/page\/\",\"name\":\"Mas Le Rouget Cantal\",\"description\":\"Ma\\u00eetre Salaisonnier et Ma\\u00eetre Charcutier\",\"potentialAction\":[{\"@type\":\"SearchAction\",\"target\":\"https:\/\/www.maslerougetcantal.fr\/page\/?s={search_term_string}\",\"query-input\":\"required name=search_term_string\"}],\"inLanguage\":\"fr-FR\"},{\"@type\":\"ImageObject\",\"@id\":\"https:\/\/www.maslerougetcantal.fr\/page\/fr\/festival-eclat-festival-du-theatre-de-rue-daurillac-20-aout\/#primaryimage\",\"inLanguage\":\"fr-FR\",\"url\":\"https:\/\/www.maslerougetcantal.fr\/page\/wp-content\/uploads\/2021\/06\/logo_eclat_4tiers.jpg\",\"contentUrl\":\"https:\/\/www.maslerougetcantal.fr\/page\/wp-content\/uploads\/2021\/06\/logo_eclat_4tiers.jpg\",\"width\":600,\"height\":451},{\"@type\":\"WebPage\",\"@id\":\"https:\/\/www.maslerougetcantal.fr\/page\/fr\/festival-eclat-festival-du-theatre-de-rue-daurillac-20-aout\/#webpage\",\"url\":\"https:\/\/www.maslerougetcantal.fr\/page\/fr\/festival-eclat-festival-du-theatre-de-rue-daurillac-20-aout\/\",\"name\":\"Festival Eclat \/ Festival du Th\\u00e9\\u00e2tre de Rue d\\u2019Aurillac - Mas Le Rouget Cantal\",\"isPartOf\":{\"@id\":\"https:\/\/www.maslerougetcantal.fr\/page\/#website\"},\"primaryImageOfPage\":{\"@id\":\"https:\/\/www.maslerougetcantal.fr\/page\/fr\/festival-eclat-festival-du-theatre-de-rue-daurillac-20-aout\/#primaryimage\"},\"datePublished\":\"2021-06-02T14:58:51+00:00\",\"dateModified\":\"2021-06-29T09:42:46+00:00\",\"author\":{\"@id\":\"https:\/\/www.maslerougetcantal.fr\/page\/#\/schema\/person\/31d216ccda546d811bc665998547df65\"},\"breadcrumb\":{\"@id\":\"https:\/\/www.maslerougetcantal.fr\/page\/fr\/festival-eclat-festival-du-theatre-de-rue-daurillac-20-aout\/#breadcrumb\"},\"inLanguage\":\"fr-FR\",\"potentialAction\":[{\"@type\":\"ReadAction\",\"target\":[\"https:\/\/www.maslerougetcantal.fr\/page\/fr\/festival-eclat-festival-du-theatre-de-rue-daurillac-20-aout\/\"]}]},{\"@type\":\"BreadcrumbList\",\"@id\":\"https:\/\/www.maslerougetcantal.fr\/page\/fr\/festival-eclat-festival-du-theatre-de-rue-daurillac-20-aout\/#breadcrumb\",\"itemListElement\":[{\"@type\":\"ListItem\",\"position\":1,\"item\":{\"@type\":\"WebPage\",\"@id\":\"https:\/\/www.maslerougetcantal.fr\/page\/\",\"url\":\"https:\/\/www.maslerougetcantal.fr\/page\/\",\"name\":\"Accueil\"}},{\"@type\":\"ListItem\",\"position\":2,\"item\":{\"@type\":\"WebPage\",\"@id\":\"https:\/\/www.maslerougetcantal.fr\/page\/fr\/festival-eclat-festival-du-theatre-de-rue-daurillac-20-aout\/\",\"url\":\"https:\/\/www.maslerougetcantal.fr\/page\/fr\/festival-eclat-festival-du-theatre-de-rue-daurillac-20-aout\/\",\"name\":\"Festival Eclat \/ Festival du Th\\u00e9\\u00e2tre de Rue d\\u2019Aurillac\"}}]},{\"@type\":\"Person\",\"@id\":\"https:\/\/www.maslerougetcantal.fr\/page\/#\/schema\/person\/31d216ccda546d811bc665998547df65\",\"name\":\"Christelle Esline\",\"image\":{\"@type\":\"ImageObject\",\"@id\":\"https:\/\/www.maslerougetcantal.fr\/page\/#personlogo\",\"inLanguage\":\"fr-FR\",\"url\":\"https:\/\/secure.gravatar.com\/avatar\/62d81c6acfcfa931b4b86aa8fb1f89f1?s=96&d=mm&r=g\",\"contentUrl\":\"https:\/\/secure.gravatar.com\/avatar\/62d81c6acfcfa931b4b86aa8fb1f89f1?s=96&d=mm&r=g\",\"caption\":\"Christelle Esline\"}}]}<\/script>\n<!-- \/ Yoast SEO plugin. -->","_links":{"self":[{"href":"https:\/\/www.maslerougetcantal.fr\/page\/wp-json\/wp\/v2\/posts\/270"}],"collection":[{"href":"https:\/\/www.maslerougetcantal.fr\/page\/wp-json\/wp\/v2\/posts"}],"about":[{"href":"https:\/\/www.maslerougetcantal.fr\/page\/wp-json\/wp\/v2\/types\/post"}],"author":[{"embeddable":true,"href":"https:\/\/www.maslerougetcantal.fr\/page\/wp-json\/wp\/v2\/users\/3"}],"replies":[{"embeddable":true,"href":"https:\/\/www.maslerougetcantal.fr\/page\/wp-json\/wp\/v2\/comments?post=270"}],"version-history":[{"count":3,"href":"https:\/\/www.maslerougetcantal.fr\/page\/wp-json\/wp\/v2\/posts\/270\/revisions"}],"predecessor-version":[{"id":338,"href":"https:\/\/www.maslerougetcantal.fr\/page\/wp-json\/wp\/v2\/posts\/270\/revisions\/338"}],"wp:featuredmedia":[{"embeddable":true,"href":"https:\/\/www.maslerougetcantal.fr\/page\/wp-json\/wp\/v2\/media\/348"}],"wp:attachment":[{"href":"https:\/\/www.maslerougetcantal.fr\/page\/wp-json\/wp\/v2\/media?parent=270"}],"wp:term":[{"taxonomy":"category","embeddable":true,"href":"https:\/\/www.maslerougetcantal.fr\/page\/wp-json\/wp\/v2\/categories?post=270"},{"taxonomy":"post_tag","embeddable":true,"href":"https:\/\/www.maslerougetcantal.fr\/page\/wp-json\/wp\/v2\/tags?post=270"}],"curies":[{"name":"wp","href":"https:\/\/api.w.org\/{rel}","templated":true}]}}